{"id":1448,"date":"2025-06-17T08:00:00","date_gmt":"2025-06-17T11:00:00","guid":{"rendered":"https:\/\/save.com.br\/blog\/?p=1448"},"modified":"2026-03-06T10:34:40","modified_gmt":"2026-03-06T13:34:40","slug":"perfis-de-led-iluminacao-sofisticada","status":"publish","type":"post","link":"https:\/\/save.com.br\/blog\/perfis-de-led-iluminacao-sofisticada\/","title":{"rendered":"Perfis de LED: O segredo para uma ilumina\u00e7\u00e3o sofisticada e funcional"},"content":{"rendered":"\n<p>A ilumina\u00e7\u00e3o deixou de ser apenas um detalhe para se tornar um dos elementos mais importantes em um ambiente. No universo do design de interiores e da arquitetura, cada escolha conta \u2014 e os <strong>perfis de LED<\/strong> surgem como uma solu\u00e7\u00e3o moderna, vers\u00e1til e eficiente para quem busca um toque de exclusividade e funcionalidade na ilumina\u00e7\u00e3o.<\/p>\n\n\n\n<p><strong>O que s\u00e3o perfis de LED e por que investir neles?<\/strong><\/p>\n\n\n\n<p>Os perfis de LED s\u00e3o estruturas em alum\u00ednio projetadas para acomodar fitas de LED ou placas de LED, proporcionando um acabamento sofisticado e uma ilumina\u00e7\u00e3o uniforme e difusa. S\u00e3o ideais para projetos que valorizam <strong>ilumina\u00e7\u00e3o arquitetural<\/strong>, pois oferecem diversas aplica\u00e7\u00f5es:<\/p>\n\n\n\n<p> \u2705 <strong>Embutidos no gesso<\/strong> para um efeito clean e cont\u00ednuo<br>&nbsp;\u2705 <strong>Sobrepostos na parede ou no teto<\/strong>, destacando volumes e formas<br>&nbsp;\u2705 <strong>Ilumina\u00e7\u00e3o indireta<\/strong>, criando um ambiente acolhedor e sofisticado<br>&nbsp;\u2705 <strong>Destaque para m\u00f3veis e prateleiras<\/strong>, elevando o design do espa\u00e7o<\/p>\n\n\n\n<p>Com isso em mente, apresentamos a <strong>Luce Lineare<\/strong>, a nova cole\u00e7\u00e3o de <strong>perfis de LED da<\/strong> <strong>SAVE<\/strong> inspirada nas ic\u00f4nicas regi\u00f5es italianas que traduzem design, inova\u00e7\u00e3o e eleg\u00e2ncia.<\/p>\n\n\n\n<p>Agora imagine tudo isso elevado ao mais alto n\u00edvel de design e tecnologia. \u00c9 exatamente essa a proposta da cole\u00e7\u00e3o <strong>Luce Lineare<\/strong>.<\/p>\n\n\n\n<figure class=\"wp-block-gallery has-nested-images columns-default is-cropped wp-block-gallery-2 is-layout-flex wp-block-gallery-is-layout-flex\">\n<figure class=\"wp-block-image size-large\"><img decoding=\"async\" width=\"1024\" height=\"683\" data-id=\"1449\" data-src=\"https:\/\/save.com.br\/blog\/wp-content\/uploads\/2025\/05\/luce-lineare-1024x683.jpg\" alt=\"cozinha com perfil led luce lineare embutido no teo\" class=\"wp-image-1449 lazyload\" data-srcset=\"https:\/\/save.com.br\/blog\/wp-content\/uploads\/2025\/05\/luce-lineare-1024x683.jpg 1024w, https:\/\/save.com.br\/blog\/wp-content\/uploads\/2025\/05\/luce-lineare-300x200.jpg 300w, https:\/\/save.com.br\/blog\/wp-content\/uploads\/2025\/05\/luce-lineare-768x512.jpg 768w, https:\/\/save.com.br\/blog\/wp-content\/uploads\/2025\/05\/luce-lineare-1536x1025.jpg 1536w, https:\/\/save.com.br\/blog\/wp-content\/uploads\/2025\/05\/luce-lineare-2048x1366.jpg 2048w\" data-sizes=\"(max-width: 1024px) 100vw, 1024px\" src=\"data:image\/svg+xml;base64,PHN2ZyB3aWR0aD0iMSIgaGVpZ2h0PSIxIiB4bWxucz0iaHR0cDovL3d3dy53My5vcmcvMjAwMC9zdmciPjwvc3ZnPg==\" style=\"--smush-placeholder-width: 1024px; --smush-placeholder-aspect-ratio: 1024\/683;\" \/><\/figure>\n\n\n\n<figure class=\"wp-block-image size-large\"><img decoding=\"async\" width=\"1024\" height=\"687\" data-id=\"1450\" data-src=\"https:\/\/save.com.br\/blog\/wp-content\/uploads\/2025\/05\/linnha-luce-lineare-1024x687.jpg\" alt=\"arm\u00e1rio na cozinha com perfil led da luce lineare de sobrepor\" class=\"wp-image-1450 lazyload\" data-srcset=\"https:\/\/save.com.br\/blog\/wp-content\/uploads\/2025\/05\/linnha-luce-lineare-1024x687.jpg 1024w, https:\/\/save.com.br\/blog\/wp-content\/uploads\/2025\/05\/linnha-luce-lineare-300x201.jpg 300w, https:\/\/save.com.br\/blog\/wp-content\/uploads\/2025\/05\/linnha-luce-lineare-768x516.jpg 768w, https:\/\/save.com.br\/blog\/wp-content\/uploads\/2025\/05\/linnha-luce-lineare-1536x1031.jpg 1536w, https:\/\/save.com.br\/blog\/wp-content\/uploads\/2025\/05\/linnha-luce-lineare-2048x1375.jpg 2048w\" data-sizes=\"(max-width: 1024px) 100vw, 1024px\" src=\"data:image\/svg+xml;base64,PHN2ZyB3aWR0aD0iMSIgaGVpZ2h0PSIxIiB4bWxucz0iaHR0cDovL3d3dy53My5vcmcvMjAwMC9zdmciPjwvc3ZnPg==\" style=\"--smush-placeholder-width: 1024px; --smush-placeholder-aspect-ratio: 1024\/687;\" \/><\/figure>\n<\/figure>\n\n\n\n<p><strong>Luce Lineare: Perfis de LED inspirados na sofistica\u00e7\u00e3o italiana<\/strong><\/p>\n\n\n\n<p>Cada perfil de LED da cole\u00e7\u00e3o Luce Lineare carrega a ess\u00eancia e o estilo de uma regi\u00e3o italiana, traduzindo sua identidade por meio do design e das possibilidades de aplica\u00e7\u00e3o. Conhe\u00e7a cada um deles:<\/p>\n\n\n\n<p><strong>Milano<\/strong> \u2013 O perfil extra largo que se destaca pela sua impon\u00eancia e capacidade de acomodar at\u00e9 quatro fitas LED, elevando a pot\u00eancia luminosa. Perfeito para espa\u00e7os amplos e projetos ousados.<\/p>\n\n\n\n<p><strong>Sardegna<\/strong> \u2013 Moderno e vers\u00e1til, o perfil Sardegna se adapta a diferentes propostas e acomoda at\u00e9 3 fitas LED, ideal para composi\u00e7\u00f5es marcantes e cheias de personalidade.<\/p>\n\n\n\n<p><strong>Portofino<\/strong> \u2013 Inspirado na charmosa vila costeira, este perfil traz delicadeza e requinte, ideal para projetos que equilibram funcionalidade e est\u00e9tica refinada.<\/p>\n\n\n\n<p><strong>Trento<\/strong> \u2013 Com um design minimalista e discreto, o perfil Trento valoriza a ilumina\u00e7\u00e3o cont\u00ednua e homog\u00eanea, proporcionando sofistica\u00e7\u00e3o sem excessos.<\/p>\n\n\n\n<p><strong>Roma<\/strong> \u2013 A grandiosidade e a hist\u00f3ria da capital italiana servem de refer\u00eancia para um perfil&nbsp; LED que transmite for\u00e7a e eleg\u00e2ncia, sendo perfeito para ambientes sofisticados garantindo uma ilumina\u00e7\u00e3o indireta com conforto visual.&nbsp;<\/p>\n\n\n\n<p><strong>Torino<\/strong> \u2013 Com um toque contempor\u00e2neo, o perfil Torino adiciona profundidade e destaque aos projetos, criando efeitos luminosos impressionantes.<\/p>\n\n\n\n<p><strong>Amalfi<\/strong> \u2013 Inspirado nas paisagens cinematogr\u00e1ficas da Costa Amalfitana, este perfil \u00e9 sin\u00f4nimo de fluidez e harmonia visual, ideal para projetos de movelaria.<\/p>\n\n\n\n<p><strong>Leve o design italiano para o seu projeto!<\/strong><\/p>\n\n\n\n<p>Agora que voc\u00ea conhece a cole\u00e7\u00e3o <strong><a href=\"https:\/\/save.com.br\/lucelineare\" target=\"_blank\" rel=\"noreferrer noopener\">Luce Lineare<\/a><\/strong>, que tal dar o pr\u00f3ximo passo e explorar todas as possibilidades que ela oferece? Acesse o nosso <a href=\"https:\/\/save.com.br\/catalogo\" target=\"_blank\" rel=\"noreferrer noopener\"><strong>cat\u00e1logo<\/strong><\/a> e conhe\u00e7a os perfis de LED que v\u00e3o revolucionar seus projetos.<\/p>\n","protected":false},"excerpt":{"rendered":"<p>A ilumina\u00e7\u00e3o deixou de ser apenas um detalhe para se tornar um dos elementos mais importantes em um ambiente. No universo do design de interiores e da arquitetura, cada escolha conta \u2014 e os perfis de LED surgem como uma solu\u00e7\u00e3o moderna, vers\u00e1til e eficiente para quem busca um toque de exclusividade e funcionalidade na [&hellip;]<\/p>\n","protected":false},"author":2,"featured_media":1451,"comment_status":"open","ping_status":"open","sticky":false,"template":"","format":"standard","meta":{"footnotes":""},"categories":[107,5],"tags":[68,10],"class_list":["post-1448","post","type-post","status-publish","format-standard","has-post-thumbnail","hentry","category-novidade","category-tendencias","tag-decoracao","tag-iluminacao"],"yoast_head":"<!-- This site is optimized with the Yoast SEO plugin v27.3 - https:\/\/yoast.com\/product\/yoast-seo-wordpress\/ -->\n<title>Perfis de LED: O segredo para uma ilumina\u00e7\u00e3o sofisticada e funcional<\/title>\n<meta name=\"description\" content=\"Descubra como os perfis de LED transformam ambientes com design, eleg\u00e2ncia e funcionalidade. Conhe\u00e7a a cole\u00e7\u00e3o Luce Lineare da Save.\" \/>\n<meta name=\"robots\" content=\"index, follow, max-snippet:-1, max-image-preview:large, max-video-preview:-1\" \/>\n<link rel=\"canonical\" href=\"https:\/\/save.com.br\/blog\/perfis-de-led-iluminacao-sofisticada\/\" \/>\n<meta property=\"og:locale\" content=\"pt_BR\" \/>\n<meta property=\"og:type\" content=\"article\" \/>\n<meta property=\"og:title\" content=\"Perfis de LED: O segredo para uma ilumina\u00e7\u00e3o sofisticada e funcional\" \/>\n<meta property=\"og:description\" content=\"Descubra como os perfis de LED transformam ambientes com design, eleg\u00e2ncia e funcionalidade. Conhe\u00e7a a cole\u00e7\u00e3o Luce Lineare da Save.\" \/>\n<meta property=\"og:url\" content=\"https:\/\/save.com.br\/blog\/perfis-de-led-iluminacao-sofisticada\/\" \/>\n<meta property=\"og:site_name\" content=\"Save Blog\" \/>\n<meta property=\"article:publisher\" content=\"https:\/\/www.facebook.com\/saveenergylife\/\" \/>\n<meta property=\"article:published_time\" content=\"2025-06-17T11:00:00+00:00\" \/>\n<meta property=\"article:modified_time\" content=\"2026-03-06T13:34:40+00:00\" \/>\n<meta property=\"og:image\" content=\"https:\/\/save.com.br\/blog\/wp-content\/uploads\/2025\/05\/perfil-roma-luce-lineare-scaled.jpg\" \/>\n\t<meta property=\"og:image:width\" content=\"2560\" \/>\n\t<meta property=\"og:image:height\" content=\"1707\" \/>\n\t<meta property=\"og:image:type\" content=\"image\/jpeg\" \/>\n<meta name=\"author\" content=\"Save Energy\" \/>\n<meta name=\"twitter:card\" content=\"summary_large_image\" \/>\n<meta name=\"twitter:label1\" content=\"Escrito por\" \/>\n\t<meta name=\"twitter:data1\" content=\"Save Energy\" \/>\n\t<meta name=\"twitter:label2\" content=\"Est. tempo de leitura\" \/>\n\t<meta name=\"twitter:data2\" content=\"4 minutos\" \/>\n<script type=\"application\/ld+json\" class=\"yoast-schema-graph\">{\"@context\":\"https:\\\/\\\/schema.org\",\"@graph\":[{\"@type\":\"Article\",\"@id\":\"https:\\\/\\\/save.com.br\\\/blog\\\/perfis-de-led-iluminacao-sofisticada\\\/#article\",\"isPartOf\":{\"@id\":\"https:\\\/\\\/save.com.br\\\/blog\\\/perfis-de-led-iluminacao-sofisticada\\\/\"},\"author\":{\"name\":\"Save Energy\",\"@id\":\"https:\\\/\\\/save.com.br\\\/blog\\\/#\\\/schema\\\/person\\\/31d4f1648281ab63f4c1dd525a6d910c\"},\"headline\":\"Perfis de LED: O segredo para uma ilumina\u00e7\u00e3o sofisticada e funcional\",\"datePublished\":\"2025-06-17T11:00:00+00:00\",\"dateModified\":\"2026-03-06T13:34:40+00:00\",\"mainEntityOfPage\":{\"@id\":\"https:\\\/\\\/save.com.br\\\/blog\\\/perfis-de-led-iluminacao-sofisticada\\\/\"},\"wordCount\":516,\"commentCount\":0,\"publisher\":{\"@id\":\"https:\\\/\\\/save.com.br\\\/blog\\\/#organization\"},\"image\":{\"@id\":\"https:\\\/\\\/save.com.br\\\/blog\\\/perfis-de-led-iluminacao-sofisticada\\\/#primaryimage\"},\"thumbnailUrl\":\"https:\\\/\\\/save.com.br\\\/blog\\\/wp-content\\\/uploads\\\/2025\\\/05\\\/perfil-roma-luce-lineare-scaled.jpg\",\"keywords\":[\"decora\u00e7\u00e3o\",\"Ilumina\u00e7\u00e3o\"],\"articleSection\":[\"Novidade\",\"Tend\u00eancias\"],\"inLanguage\":\"pt-BR\",\"potentialAction\":[{\"@type\":\"CommentAction\",\"name\":\"Comment\",\"target\":[\"https:\\\/\\\/save.com.br\\\/blog\\\/perfis-de-led-iluminacao-sofisticada\\\/#respond\"]}]},{\"@type\":\"WebPage\",\"@id\":\"https:\\\/\\\/save.com.br\\\/blog\\\/perfis-de-led-iluminacao-sofisticada\\\/\",\"url\":\"https:\\\/\\\/save.com.br\\\/blog\\\/perfis-de-led-iluminacao-sofisticada\\\/\",\"name\":\"Perfis de LED: O segredo para uma ilumina\u00e7\u00e3o sofisticada e funcional\",\"isPartOf\":{\"@id\":\"https:\\\/\\\/save.com.br\\\/blog\\\/#website\"},\"primaryImageOfPage\":{\"@id\":\"https:\\\/\\\/save.com.br\\\/blog\\\/perfis-de-led-iluminacao-sofisticada\\\/#primaryimage\"},\"image\":{\"@id\":\"https:\\\/\\\/save.com.br\\\/blog\\\/perfis-de-led-iluminacao-sofisticada\\\/#primaryimage\"},\"thumbnailUrl\":\"https:\\\/\\\/save.com.br\\\/blog\\\/wp-content\\\/uploads\\\/2025\\\/05\\\/perfil-roma-luce-lineare-scaled.jpg\",\"datePublished\":\"2025-06-17T11:00:00+00:00\",\"dateModified\":\"2026-03-06T13:34:40+00:00\",\"description\":\"Descubra como os perfis de LED transformam ambientes com design, eleg\u00e2ncia e funcionalidade. Conhe\u00e7a a cole\u00e7\u00e3o Luce Lineare da Save.\",\"breadcrumb\":{\"@id\":\"https:\\\/\\\/save.com.br\\\/blog\\\/perfis-de-led-iluminacao-sofisticada\\\/#breadcrumb\"},\"inLanguage\":\"pt-BR\",\"potentialAction\":[{\"@type\":\"ReadAction\",\"target\":[\"https:\\\/\\\/save.com.br\\\/blog\\\/perfis-de-led-iluminacao-sofisticada\\\/\"]}]},{\"@type\":\"ImageObject\",\"inLanguage\":\"pt-BR\",\"@id\":\"https:\\\/\\\/save.com.br\\\/blog\\\/perfis-de-led-iluminacao-sofisticada\\\/#primaryimage\",\"url\":\"https:\\\/\\\/save.com.br\\\/blog\\\/wp-content\\\/uploads\\\/2025\\\/05\\\/perfil-roma-luce-lineare-scaled.jpg\",\"contentUrl\":\"https:\\\/\\\/save.com.br\\\/blog\\\/wp-content\\\/uploads\\\/2025\\\/05\\\/perfil-roma-luce-lineare-scaled.jpg\",\"width\":2560,\"height\":1707,\"caption\":\"Sala de estar moderna com perfil led da luce lineare sobreposto na parede\"},{\"@type\":\"BreadcrumbList\",\"@id\":\"https:\\\/\\\/save.com.br\\\/blog\\\/perfis-de-led-iluminacao-sofisticada\\\/#breadcrumb\",\"itemListElement\":[{\"@type\":\"ListItem\",\"position\":1,\"name\":\"In\u00edcio\",\"item\":\"https:\\\/\\\/save.com.br\\\/blog\\\/\"},{\"@type\":\"ListItem\",\"position\":2,\"name\":\"Perfis de LED: O segredo para uma ilumina\u00e7\u00e3o sofisticada e funcional\"}]},{\"@type\":\"WebSite\",\"@id\":\"https:\\\/\\\/save.com.br\\\/blog\\\/#website\",\"url\":\"https:\\\/\\\/save.com.br\\\/blog\\\/\",\"name\":\"Save Blog\",\"description\":\"\",\"publisher\":{\"@id\":\"https:\\\/\\\/save.com.br\\\/blog\\\/#organization\"},\"potentialAction\":[{\"@type\":\"SearchAction\",\"target\":{\"@type\":\"EntryPoint\",\"urlTemplate\":\"https:\\\/\\\/save.com.br\\\/blog\\\/?s={search_term_string}\"},\"query-input\":{\"@type\":\"PropertyValueSpecification\",\"valueRequired\":true,\"valueName\":\"search_term_string\"}}],\"inLanguage\":\"pt-BR\"},{\"@type\":\"Organization\",\"@id\":\"https:\\\/\\\/save.com.br\\\/blog\\\/#organization\",\"name\":\"Save Energy\",\"url\":\"https:\\\/\\\/save.com.br\\\/blog\\\/\",\"logo\":{\"@type\":\"ImageObject\",\"inLanguage\":\"pt-BR\",\"@id\":\"https:\\\/\\\/save.com.br\\\/blog\\\/#\\\/schema\\\/logo\\\/image\\\/\",\"url\":\"\",\"contentUrl\":\"\",\"caption\":\"Save Energy\"},\"image\":{\"@id\":\"https:\\\/\\\/save.com.br\\\/blog\\\/#\\\/schema\\\/logo\\\/image\\\/\"},\"sameAs\":[\"https:\\\/\\\/www.facebook.com\\\/saveenergylife\\\/\",\"https:\\\/\\\/www.instagram.com\\\/saveenergylife\\\/\",\"https:\\\/\\\/www.linkedin.com\\\/company\\\/save-energy-life\\\/\",\"https:\\\/\\\/br.pinterest.com\\\/saveenergylife1\\\/\",\"https:\\\/\\\/www.youtube.com\\\/channel\\\/UCbgbD4pV_HXxlW_MflAk-6A\"]},{\"@type\":\"Person\",\"@id\":\"https:\\\/\\\/save.com.br\\\/blog\\\/#\\\/schema\\\/person\\\/31d4f1648281ab63f4c1dd525a6d910c\",\"name\":\"Save Energy\",\"image\":{\"@type\":\"ImageObject\",\"inLanguage\":\"pt-BR\",\"@id\":\"https:\\\/\\\/secure.gravatar.com\\\/avatar\\\/55af1f56e79c3a594f95ea089146a3c22e83f5dc1686f639c77de918c8fde109?s=96&d=mm&r=g\",\"url\":\"https:\\\/\\\/secure.gravatar.com\\\/avatar\\\/55af1f56e79c3a594f95ea089146a3c22e83f5dc1686f639c77de918c8fde109?s=96&d=mm&r=g\",\"contentUrl\":\"https:\\\/\\\/secure.gravatar.com\\\/avatar\\\/55af1f56e79c3a594f95ea089146a3c22e83f5dc1686f639c77de918c8fde109?s=96&d=mm&r=g\",\"caption\":\"Save Energy\"},\"url\":\"https:\\\/\\\/save.com.br\\\/blog\\\/author\\\/save-energy\\\/\"}]}<\/script>\n<!-- \/ Yoast SEO plugin. -->","yoast_head_json":{"title":"Perfis de LED: O segredo para uma ilumina\u00e7\u00e3o sofisticada e funcional","description":"Descubra como os perfis de LED transformam ambientes com design, eleg\u00e2ncia e funcionalidade. Conhe\u00e7a a cole\u00e7\u00e3o Luce Lineare da Save.","robots":{"index":"index","follow":"follow","max-snippet":"max-snippet:-1","max-image-preview":"max-image-preview:large","max-video-preview":"max-video-preview:-1"},"canonical":"https:\/\/save.com.br\/blog\/perfis-de-led-iluminacao-sofisticada\/","og_locale":"pt_BR","og_type":"article","og_title":"Perfis de LED: O segredo para uma ilumina\u00e7\u00e3o sofisticada e funcional","og_description":"Descubra como os perfis de LED transformam ambientes com design, eleg\u00e2ncia e funcionalidade. Conhe\u00e7a a cole\u00e7\u00e3o Luce Lineare da Save.","og_url":"https:\/\/save.com.br\/blog\/perfis-de-led-iluminacao-sofisticada\/","og_site_name":"Save Blog","article_publisher":"https:\/\/www.facebook.com\/saveenergylife\/","article_published_time":"2025-06-17T11:00:00+00:00","article_modified_time":"2026-03-06T13:34:40+00:00","og_image":[{"width":2560,"height":1707,"url":"https:\/\/save.com.br\/blog\/wp-content\/uploads\/2025\/05\/perfil-roma-luce-lineare-scaled.jpg","type":"image\/jpeg"}],"author":"Save Energy","twitter_card":"summary_large_image","twitter_misc":{"Escrito por":"Save Energy","Est. tempo de leitura":"4 minutos"},"schema":{"@context":"https:\/\/schema.org","@graph":[{"@type":"Article","@id":"https:\/\/save.com.br\/blog\/perfis-de-led-iluminacao-sofisticada\/#article","isPartOf":{"@id":"https:\/\/save.com.br\/blog\/perfis-de-led-iluminacao-sofisticada\/"},"author":{"name":"Save Energy","@id":"https:\/\/save.com.br\/blog\/#\/schema\/person\/31d4f1648281ab63f4c1dd525a6d910c"},"headline":"Perfis de LED: O segredo para uma ilumina\u00e7\u00e3o sofisticada e funcional","datePublished":"2025-06-17T11:00:00+00:00","dateModified":"2026-03-06T13:34:40+00:00","mainEntityOfPage":{"@id":"https:\/\/save.com.br\/blog\/perfis-de-led-iluminacao-sofisticada\/"},"wordCount":516,"commentCount":0,"publisher":{"@id":"https:\/\/save.com.br\/blog\/#organization"},"image":{"@id":"https:\/\/save.com.br\/blog\/perfis-de-led-iluminacao-sofisticada\/#primaryimage"},"thumbnailUrl":"https:\/\/save.com.br\/blog\/wp-content\/uploads\/2025\/05\/perfil-roma-luce-lineare-scaled.jpg","keywords":["decora\u00e7\u00e3o","Ilumina\u00e7\u00e3o"],"articleSection":["Novidade","Tend\u00eancias"],"inLanguage":"pt-BR","potentialAction":[{"@type":"CommentAction","name":"Comment","target":["https:\/\/save.com.br\/blog\/perfis-de-led-iluminacao-sofisticada\/#respond"]}]},{"@type":"WebPage","@id":"https:\/\/save.com.br\/blog\/perfis-de-led-iluminacao-sofisticada\/","url":"https:\/\/save.com.br\/blog\/perfis-de-led-iluminacao-sofisticada\/","name":"Perfis de LED: O segredo para uma ilumina\u00e7\u00e3o sofisticada e funcional","isPartOf":{"@id":"https:\/\/save.com.br\/blog\/#website"},"primaryImageOfPage":{"@id":"https:\/\/save.com.br\/blog\/perfis-de-led-iluminacao-sofisticada\/#primaryimage"},"image":{"@id":"https:\/\/save.com.br\/blog\/perfis-de-led-iluminacao-sofisticada\/#primaryimage"},"thumbnailUrl":"https:\/\/save.com.br\/blog\/wp-content\/uploads\/2025\/05\/perfil-roma-luce-lineare-scaled.jpg","datePublished":"2025-06-17T11:00:00+00:00","dateModified":"2026-03-06T13:34:40+00:00","description":"Descubra como os perfis de LED transformam ambientes com design, eleg\u00e2ncia e funcionalidade. Conhe\u00e7a a cole\u00e7\u00e3o Luce Lineare da Save.","breadcrumb":{"@id":"https:\/\/save.com.br\/blog\/perfis-de-led-iluminacao-sofisticada\/#breadcrumb"},"inLanguage":"pt-BR","potentialAction":[{"@type":"ReadAction","target":["https:\/\/save.com.br\/blog\/perfis-de-led-iluminacao-sofisticada\/"]}]},{"@type":"ImageObject","inLanguage":"pt-BR","@id":"https:\/\/save.com.br\/blog\/perfis-de-led-iluminacao-sofisticada\/#primaryimage","url":"https:\/\/save.com.br\/blog\/wp-content\/uploads\/2025\/05\/perfil-roma-luce-lineare-scaled.jpg","contentUrl":"https:\/\/save.com.br\/blog\/wp-content\/uploads\/2025\/05\/perfil-roma-luce-lineare-scaled.jpg","width":2560,"height":1707,"caption":"Sala de estar moderna com perfil led da luce lineare sobreposto na parede"},{"@type":"BreadcrumbList","@id":"https:\/\/save.com.br\/blog\/perfis-de-led-iluminacao-sofisticada\/#breadcrumb","itemListElement":[{"@type":"ListItem","position":1,"name":"In\u00edcio","item":"https:\/\/save.com.br\/blog\/"},{"@type":"ListItem","position":2,"name":"Perfis de LED: O segredo para uma ilumina\u00e7\u00e3o sofisticada e funcional"}]},{"@type":"WebSite","@id":"https:\/\/save.com.br\/blog\/#website","url":"https:\/\/save.com.br\/blog\/","name":"Save Blog","description":"","publisher":{"@id":"https:\/\/save.com.br\/blog\/#organization"},"potentialAction":[{"@type":"SearchAction","target":{"@type":"EntryPoint","urlTemplate":"https:\/\/save.com.br\/blog\/?s={search_term_string}"},"query-input":{"@type":"PropertyValueSpecification","valueRequired":true,"valueName":"search_term_string"}}],"inLanguage":"pt-BR"},{"@type":"Organization","@id":"https:\/\/save.com.br\/blog\/#organization","name":"Save Energy","url":"https:\/\/save.com.br\/blog\/","logo":{"@type":"ImageObject","inLanguage":"pt-BR","@id":"https:\/\/save.com.br\/blog\/#\/schema\/logo\/image\/","url":"","contentUrl":"","caption":"Save Energy"},"image":{"@id":"https:\/\/save.com.br\/blog\/#\/schema\/logo\/image\/"},"sameAs":["https:\/\/www.facebook.com\/saveenergylife\/","https:\/\/www.instagram.com\/saveenergylife\/","https:\/\/www.linkedin.com\/company\/save-energy-life\/","https:\/\/br.pinterest.com\/saveenergylife1\/","https:\/\/www.youtube.com\/channel\/UCbgbD4pV_HXxlW_MflAk-6A"]},{"@type":"Person","@id":"https:\/\/save.com.br\/blog\/#\/schema\/person\/31d4f1648281ab63f4c1dd525a6d910c","name":"Save Energy","image":{"@type":"ImageObject","inLanguage":"pt-BR","@id":"https:\/\/secure.gravatar.com\/avatar\/55af1f56e79c3a594f95ea089146a3c22e83f5dc1686f639c77de918c8fde109?s=96&d=mm&r=g","url":"https:\/\/secure.gravatar.com\/avatar\/55af1f56e79c3a594f95ea089146a3c22e83f5dc1686f639c77de918c8fde109?s=96&d=mm&r=g","contentUrl":"https:\/\/secure.gravatar.com\/avatar\/55af1f56e79c3a594f95ea089146a3c22e83f5dc1686f639c77de918c8fde109?s=96&d=mm&r=g","caption":"Save Energy"},"url":"https:\/\/save.com.br\/blog\/author\/save-energy\/"}]}},"_links":{"self":[{"href":"https:\/\/save.com.br\/blog\/wp-json\/wp\/v2\/posts\/1448","targetHints":{"allow":["GET"]}}],"collection":[{"href":"https:\/\/save.com.br\/blog\/wp-json\/wp\/v2\/posts"}],"about":[{"href":"https:\/\/save.com.br\/blog\/wp-json\/wp\/v2\/types\/post"}],"author":[{"embeddable":true,"href":"https:\/\/save.com.br\/blog\/wp-json\/wp\/v2\/users\/2"}],"replies":[{"embeddable":true,"href":"https:\/\/save.com.br\/blog\/wp-json\/wp\/v2\/comments?post=1448"}],"version-history":[{"count":3,"href":"https:\/\/save.com.br\/blog\/wp-json\/wp\/v2\/posts\/1448\/revisions"}],"predecessor-version":[{"id":1567,"href":"https:\/\/save.com.br\/blog\/wp-json\/wp\/v2\/posts\/1448\/revisions\/1567"}],"wp:featuredmedia":[{"embeddable":true,"href":"https:\/\/save.com.br\/blog\/wp-json\/wp\/v2\/media\/1451"}],"wp:attachment":[{"href":"https:\/\/save.com.br\/blog\/wp-json\/wp\/v2\/media?parent=1448"}],"wp:term":[{"taxonomy":"category","embeddable":true,"href":"https:\/\/save.com.br\/blog\/wp-json\/wp\/v2\/categories?post=1448"},{"taxonomy":"post_tag","embeddable":true,"href":"https:\/\/save.com.br\/blog\/wp-json\/wp\/v2\/tags?post=1448"}],"curies":[{"name":"wp","href":"https:\/\/api.w.org\/{rel}","templated":true}]}}