{"id":751,"date":"2022-06-01T14:06:42","date_gmt":"2022-06-01T17:06:42","guid":{"rendered":"https:\/\/save.com.br\/blog\/?p=751"},"modified":"2025-03-07T10:08:06","modified_gmt":"2025-03-07T13:08:06","slug":"alerta-de-tendencia-o-futuro-e-redondo","status":"publish","type":"post","link":"https:\/\/save.com.br\/blog\/alerta-de-tendencia-o-futuro-e-redondo\/","title":{"rendered":"Alerta de Tend\u00eancia: O futuro \u00e9 redondo"},"content":{"rendered":"\n<p>Ap\u00f3s d\u00e9cadas de regra ortogonal, quando o design e a arquitetura eram dominados por linhas e \u00e2ngulos retos, as formas arredondadas voltaram \u00e0 moda e est\u00e3o em alta. Espa\u00e7os fluidos e curvos deixam o ambiente mais leve, refletindo a necessidade atual da quebra de rigidez, pelo aconchego e relaxamento que os padr\u00f5es redondos remetem.<\/p>\n\n\n\n<p>Estudos de tend\u00eancias mostram que as formas org\u00e2nicas est\u00e3o mais presentes nos projetos residenciais e v\u00e3o al\u00e9m de m\u00f3veis e decora\u00e7\u00e3o, mas tamb\u00e9m em espa\u00e7os mais marcantes e estruturas de maior destaque, como na marcenaria e alvenaria.<\/p>\n\n\n\n<p>O Pinterest Trends tem destacado essa tend\u00eancia dentro da plataforma, onde a busca por termos relacionados a curvas quadruplicou este ano, com destaque para refer\u00eancias de sof\u00e1s, paredes internas e bancadas de cozinhas.<\/p>\n\n\n\n<figure class=\"wp-block-image size-large\"><img decoding=\"async\" width=\"1024\" height=\"768\" data-src=\"https:\/\/save.com.br\/blog\/wp-content\/uploads\/2022\/06\/shutterstock_2142108557-1024x768.jpg\" alt=\"sala de estar minimalista com a tend\u00eancia de curvas criando um espa\u00e7o mais fluido\" class=\"wp-image-753 lazyload\" data-srcset=\"https:\/\/save.com.br\/blog\/wp-content\/uploads\/2022\/06\/shutterstock_2142108557-1024x768.jpg 1024w, https:\/\/save.com.br\/blog\/wp-content\/uploads\/2022\/06\/shutterstock_2142108557-300x225.jpg 300w, https:\/\/save.com.br\/blog\/wp-content\/uploads\/2022\/06\/shutterstock_2142108557-768x576.jpg 768w, https:\/\/save.com.br\/blog\/wp-content\/uploads\/2022\/06\/shutterstock_2142108557-1536x1152.jpg 1536w, https:\/\/save.com.br\/blog\/wp-content\/uploads\/2022\/06\/shutterstock_2142108557-2048x1536.jpg 2048w\" data-sizes=\"(max-width: 1024px) 100vw, 1024px\" src=\"data:image\/svg+xml;base64,PHN2ZyB3aWR0aD0iMSIgaGVpZ2h0PSIxIiB4bWxucz0iaHR0cDovL3d3dy53My5vcmcvMjAwMC9zdmciPjwvc3ZnPg==\" style=\"--smush-placeholder-width: 1024px; --smush-placeholder-aspect-ratio: 1024\/768;\" \/><\/figure>\n\n\n\n<p>As curvas podem entrar em detalhes e pontos n\u00e3o t\u00e3o \u00f3bvios, como na base de uma ilha de cozinha, na natureza org\u00e2nica dos pendentes, na textura dos revestimentos, ou mesmo no formato da mesa de jantar, que transmitem descanso e hospitalidade.<\/p>\n\n\n\n<p>Espa\u00e7os fluidos permitem uma experi\u00eancia que tangibiliza a busca recente pelo novo significado de ref\u00fagio no morar, \u00e0 casa-templo, que nos conecta ao que \u00e9 essencial.<\/p>\n\n\n\n<p>A pandemia promoveu um olhar de mais reflex\u00e3o para dentro das casas e a necessidade de mais leveza. A rigidez da rotina vivida e a press\u00e3o do dia a dia no ambiente de trabalho j\u00e1 s\u00e3o ortogonais suficientes, chegando em casa, a procura \u00e9 por um ambiente acolhedor e seguro para desacelerar do dia exaustivo.<\/p>\n\n\n\n<p>Observando os projetos que j\u00e1 levam essa tend\u00eancia, vimos que existe um paralelo com a Art Nouveau, por\u00e9m revisitada, trazendo aspectos contempor\u00e2neos para deixar os ambientes mais modernos e atuais. Para dar ainda mais destaque e aconchego aos projetos \u00e9 poss\u00edvel evidenciar as curvas usando a ilumina\u00e7\u00e3o, como, por exemplo, atrav\u00e9s de fitas de led.<\/p>\n\n\n\n<p>Em nosso portf\u00f3lio as ideais para dar esse efeito s\u00e3o as de 12V, que permite mais liberdade na aplica\u00e7\u00e3o. Uma boa dica \u00e9 a <a href=\"https:\/\/save.com.br\/produtos\/Fitas%20e%20Placas%20LED\/SE-145.3110\" target=\"_blank\" rel=\"noreferrer noopener\">Fita de Led 12V 2700K<\/a>, que permite a cria\u00e7\u00e3o de uma atmosfera ainda mais aconchegante.<\/p>\n\n\n\n<figure class=\"wp-block-image size-large\"><img decoding=\"async\" width=\"1024\" height=\"683\" data-src=\"https:\/\/save.com.br\/blog\/wp-content\/uploads\/2022\/06\/preferida-1024x683.jpg\" alt=\"homem segurando fita led para criar um espa\u00e7o fluido e especial\" class=\"wp-image-754 lazyload\" data-srcset=\"https:\/\/save.com.br\/blog\/wp-content\/uploads\/2022\/06\/preferida-1024x683.jpg 1024w, https:\/\/save.com.br\/blog\/wp-content\/uploads\/2022\/06\/preferida-300x200.jpg 300w, https:\/\/save.com.br\/blog\/wp-content\/uploads\/2022\/06\/preferida-768x512.jpg 768w, https:\/\/save.com.br\/blog\/wp-content\/uploads\/2022\/06\/preferida-1536x1024.jpg 1536w, https:\/\/save.com.br\/blog\/wp-content\/uploads\/2022\/06\/preferida-2048x1365.jpg 2048w, https:\/\/save.com.br\/blog\/wp-content\/uploads\/2022\/06\/preferida-1200x800.jpg 1200w\" data-sizes=\"(max-width: 1024px) 100vw, 1024px\" src=\"data:image\/svg+xml;base64,PHN2ZyB3aWR0aD0iMSIgaGVpZ2h0PSIxIiB4bWxucz0iaHR0cDovL3d3dy53My5vcmcvMjAwMC9zdmciPjwvc3ZnPg==\" style=\"--smush-placeholder-width: 1024px; --smush-placeholder-aspect-ratio: 1024\/683;\" \/><\/figure>\n\n\n\n<p>Al\u00e9m dessa op\u00e7\u00e3o, criamos uma ambienta\u00e7\u00e3o a partir dessa tend\u00eancia em contexto mais comum, trazendo para a realidade do dia a dia da maioria das casas, que podem aderir a esse movimento com pequenas interven\u00e7\u00f5es, como, por exemplo, trocando as lumin\u00e1rias tradicionalmente quadradas pelas redondas, assim como os embutidos. Deixamos o destaque do design para o plafon Tower pendente, que traz o charme adicional para o ambiente.<\/p>\n\n\n\n<p>Confira na imagem abaixo o resultado dessa aplica\u00e7\u00e3o:<\/p>\n\n\n\n<figure class=\"wp-block-image size-large\"><img decoding=\"async\" width=\"1024\" height=\"576\" data-src=\"https:\/\/save.com.br\/blog\/wp-content\/uploads\/2022\/06\/001-1024x576.jpg\" alt=\"sala de estar ampla com toques da ted\u00eancia de curvas nos m\u00f3veis e decora\u00e7\u00e3o, criando um espa\u00e7o fluido e aconchegante\" class=\"wp-image-755 lazyload\" data-srcset=\"https:\/\/save.com.br\/blog\/wp-content\/uploads\/2022\/06\/001-1024x576.jpg 1024w, https:\/\/save.com.br\/blog\/wp-content\/uploads\/2022\/06\/001-300x169.jpg 300w, https:\/\/save.com.br\/blog\/wp-content\/uploads\/2022\/06\/001-768x432.jpg 768w, https:\/\/save.com.br\/blog\/wp-content\/uploads\/2022\/06\/001-1536x864.jpg 1536w, https:\/\/save.com.br\/blog\/wp-content\/uploads\/2022\/06\/001-2048x1152.jpg 2048w\" data-sizes=\"(max-width: 1024px) 100vw, 1024px\" src=\"data:image\/svg+xml;base64,PHN2ZyB3aWR0aD0iMSIgaGVpZ2h0PSIxIiB4bWxucz0iaHR0cDovL3d3dy53My5vcmcvMjAwMC9zdmciPjwvc3ZnPg==\" style=\"--smush-placeholder-width: 1024px; --smush-placeholder-aspect-ratio: 1024\/576;\" \/><\/figure>\n\n\n\n<p>Utilizamos nossas <a href=\"https:\/\/save.com.br\/produtos\/Todos%20os%20Produtos\/SE-240.1738\" target=\"_blank\" rel=\"noreferrer noopener\">Lumin\u00e1rias Redondas 25W<\/a>, com o intuito de transformar a ilumina\u00e7\u00e3o geral do ambiente. Acompanhada dos nossos <a href=\"https:\/\/save.com.br\/produtos\/Todos%20os%20Produtos\/SE-330.1045\" target=\"_blank\" rel=\"noreferrer noopener\">Embutidos PAR20 Redondo<\/a>. Nos detalhes, podemos notar a presen\u00e7a do <a href=\"https:\/\/save.com.br\/produtos\/Todos%20os%20Produtos\/SE-385.2979\" target=\"_blank\" rel=\"noreferrer noopener\">Plafon Tower Pendente<\/a>, roubando a cena! <\/p>\n\n\n\n<div class=\"wp-block-group\"><div class=\"wp-block-group__inner-container is-layout-flow wp-block-group-is-layout-flow\"><div  class=\"wp-block-ultimate-post-image ultp-block-a79835\"><div class=\"ultp-block-wrapper\"><figure class=\"ultp-image-block-wrapper\"><div class=\"ultp-image-block ultp-image-block-none\"><img decoding=\"async\"  class=\"ultp-image lazyload\"  alt=\"Image\"  data-src=\"https:\/\/save.com.br\/blog\/wp-content\/uploads\/2022\/06\/final.jpg\" src=\"data:image\/svg+xml;base64,PHN2ZyB3aWR0aD0iMSIgaGVpZ2h0PSIxIiB4bWxucz0iaHR0cDovL3d3dy53My5vcmcvMjAwMC9zdmciPjwvc3ZnPg==\" style=\"--smush-placeholder-width: 1280px; --smush-placeholder-aspect-ratio: 1280\/448;\" \/><\/div><\/figure><\/div><\/div><\/div><\/div>\n\n\n\n<p>O que voc\u00eas acharam desse conte\u00fado? N\u00e3o se esque\u00e7a de nos acompanhar nas <a href=\"https:\/\/ig.rdstation.com\/saveenergylife\" target=\"_blank\" rel=\"noreferrer noopener\">redes sociais<\/a> para acompanhar as tend\u00eancias do momento!<\/p>\n\n\n\n<p><\/p>\n","protected":false},"excerpt":{"rendered":"<p>Ap\u00f3s d\u00e9cadas de regra ortogonal, quando o design e a arquitetura eram dominados por linhas e \u00e2ngulos retos, as formas arredondadas voltaram \u00e0 moda e est\u00e3o em alta. Espa\u00e7os fluidos e curvos deixam o ambiente mais leve, refletindo a necessidade atual da quebra de rigidez, pelo aconchego e relaxamento que os padr\u00f5es redondos remetem. Estudos [&hellip;]<\/p>\n","protected":false},"author":2,"featured_media":762,"comment_status":"open","ping_status":"open","sticky":false,"template":"","format":"standard","meta":{"footnotes":""},"categories":[5],"tags":[],"class_list":["post-751","post","type-post","status-publish","format-standard","has-post-thumbnail","hentry","category-tendencias"],"yoast_head":"<!-- This site is optimized with the Yoast SEO plugin v27.3 - https:\/\/yoast.com\/product\/yoast-seo-wordpress\/ -->\n<title>Alerta de Tend\u00eancia: O futuro \u00e9 redondo - Save Blog<\/title>\n<meta name=\"description\" content=\"Descubra como a ted\u00eancia que usa curvas em m\u00f3veis e marcenaria, aliadas \u00e0 ilumina\u00e7\u00e3o, criam espa\u00e7os mais fluidos e aconchegantes.\" \/>\n<meta name=\"robots\" content=\"index, follow, max-snippet:-1, max-image-preview:large, max-video-preview:-1\" \/>\n<link rel=\"canonical\" href=\"https:\/\/save.com.br\/blog\/alerta-de-tendencia-o-futuro-e-redondo\/\" \/>\n<meta property=\"og:locale\" content=\"pt_BR\" \/>\n<meta property=\"og:type\" content=\"article\" \/>\n<meta property=\"og:title\" content=\"Alerta de Tend\u00eancia: O futuro \u00e9 redondo - Save Blog\" \/>\n<meta property=\"og:description\" content=\"Descubra como a ted\u00eancia que usa curvas em m\u00f3veis e marcenaria, aliadas \u00e0 ilumina\u00e7\u00e3o, criam espa\u00e7os mais fluidos e aconchegantes.\" \/>\n<meta property=\"og:url\" content=\"https:\/\/save.com.br\/blog\/alerta-de-tendencia-o-futuro-e-redondo\/\" \/>\n<meta property=\"og:site_name\" content=\"Save Blog\" \/>\n<meta property=\"article:publisher\" content=\"https:\/\/www.facebook.com\/saveenergylife\/\" \/>\n<meta property=\"article:published_time\" content=\"2022-06-01T17:06:42+00:00\" \/>\n<meta property=\"article:modified_time\" content=\"2025-03-07T13:08:06+00:00\" \/>\n<meta property=\"og:image\" content=\"https:\/\/save.com.br\/blog\/wp-content\/uploads\/2022\/06\/CAPA-BLOG-1024x532.png\" \/>\n\t<meta property=\"og:image:width\" content=\"1024\" \/>\n\t<meta property=\"og:image:height\" content=\"532\" \/>\n\t<meta property=\"og:image:type\" content=\"image\/png\" \/>\n<meta name=\"author\" content=\"Save Energy\" \/>\n<meta name=\"twitter:card\" content=\"summary_large_image\" \/>\n<meta name=\"twitter:label1\" content=\"Escrito por\" \/>\n\t<meta name=\"twitter:data1\" content=\"Save Energy\" \/>\n\t<meta name=\"twitter:label2\" content=\"Est. tempo de leitura\" \/>\n\t<meta name=\"twitter:data2\" content=\"3 minutos\" \/>\n<script type=\"application\/ld+json\" class=\"yoast-schema-graph\">{\"@context\":\"https:\\\/\\\/schema.org\",\"@graph\":[{\"@type\":\"Article\",\"@id\":\"https:\\\/\\\/save.com.br\\\/blog\\\/alerta-de-tendencia-o-futuro-e-redondo\\\/#article\",\"isPartOf\":{\"@id\":\"https:\\\/\\\/save.com.br\\\/blog\\\/alerta-de-tendencia-o-futuro-e-redondo\\\/\"},\"author\":{\"name\":\"Save Energy\",\"@id\":\"https:\\\/\\\/save.com.br\\\/blog\\\/#\\\/schema\\\/person\\\/31d4f1648281ab63f4c1dd525a6d910c\"},\"headline\":\"Alerta de Tend\u00eancia: O futuro \u00e9 redondo\",\"datePublished\":\"2022-06-01T17:06:42+00:00\",\"dateModified\":\"2025-03-07T13:08:06+00:00\",\"mainEntityOfPage\":{\"@id\":\"https:\\\/\\\/save.com.br\\\/blog\\\/alerta-de-tendencia-o-futuro-e-redondo\\\/\"},\"wordCount\":522,\"commentCount\":0,\"publisher\":{\"@id\":\"https:\\\/\\\/save.com.br\\\/blog\\\/#organization\"},\"image\":{\"@id\":\"https:\\\/\\\/save.com.br\\\/blog\\\/alerta-de-tendencia-o-futuro-e-redondo\\\/#primaryimage\"},\"thumbnailUrl\":\"https:\\\/\\\/save.com.br\\\/blog\\\/wp-content\\\/uploads\\\/2022\\\/06\\\/CAPA-BLOG.png\",\"articleSection\":[\"Tend\u00eancias\"],\"inLanguage\":\"pt-BR\",\"potentialAction\":[{\"@type\":\"CommentAction\",\"name\":\"Comment\",\"target\":[\"https:\\\/\\\/save.com.br\\\/blog\\\/alerta-de-tendencia-o-futuro-e-redondo\\\/#respond\"]}]},{\"@type\":\"WebPage\",\"@id\":\"https:\\\/\\\/save.com.br\\\/blog\\\/alerta-de-tendencia-o-futuro-e-redondo\\\/\",\"url\":\"https:\\\/\\\/save.com.br\\\/blog\\\/alerta-de-tendencia-o-futuro-e-redondo\\\/\",\"name\":\"Alerta de Tend\u00eancia: O futuro \u00e9 redondo - Save Blog\",\"isPartOf\":{\"@id\":\"https:\\\/\\\/save.com.br\\\/blog\\\/#website\"},\"primaryImageOfPage\":{\"@id\":\"https:\\\/\\\/save.com.br\\\/blog\\\/alerta-de-tendencia-o-futuro-e-redondo\\\/#primaryimage\"},\"image\":{\"@id\":\"https:\\\/\\\/save.com.br\\\/blog\\\/alerta-de-tendencia-o-futuro-e-redondo\\\/#primaryimage\"},\"thumbnailUrl\":\"https:\\\/\\\/save.com.br\\\/blog\\\/wp-content\\\/uploads\\\/2022\\\/06\\\/CAPA-BLOG.png\",\"datePublished\":\"2022-06-01T17:06:42+00:00\",\"dateModified\":\"2025-03-07T13:08:06+00:00\",\"description\":\"Descubra como a ted\u00eancia que usa curvas em m\u00f3veis e marcenaria, aliadas \u00e0 ilumina\u00e7\u00e3o, criam espa\u00e7os mais fluidos e aconchegantes.\",\"breadcrumb\":{\"@id\":\"https:\\\/\\\/save.com.br\\\/blog\\\/alerta-de-tendencia-o-futuro-e-redondo\\\/#breadcrumb\"},\"inLanguage\":\"pt-BR\",\"potentialAction\":[{\"@type\":\"ReadAction\",\"target\":[\"https:\\\/\\\/save.com.br\\\/blog\\\/alerta-de-tendencia-o-futuro-e-redondo\\\/\"]}]},{\"@type\":\"ImageObject\",\"inLanguage\":\"pt-BR\",\"@id\":\"https:\\\/\\\/save.com.br\\\/blog\\\/alerta-de-tendencia-o-futuro-e-redondo\\\/#primaryimage\",\"url\":\"https:\\\/\\\/save.com.br\\\/blog\\\/wp-content\\\/uploads\\\/2022\\\/06\\\/CAPA-BLOG.png\",\"contentUrl\":\"https:\\\/\\\/save.com.br\\\/blog\\\/wp-content\\\/uploads\\\/2022\\\/06\\\/CAPA-BLOG.png\",\"width\":1920,\"height\":998},{\"@type\":\"BreadcrumbList\",\"@id\":\"https:\\\/\\\/save.com.br\\\/blog\\\/alerta-de-tendencia-o-futuro-e-redondo\\\/#breadcrumb\",\"itemListElement\":[{\"@type\":\"ListItem\",\"position\":1,\"name\":\"In\u00edcio\",\"item\":\"https:\\\/\\\/save.com.br\\\/blog\\\/\"},{\"@type\":\"ListItem\",\"position\":2,\"name\":\"Alerta de Tend\u00eancia: O futuro \u00e9 redondo\"}]},{\"@type\":\"WebSite\",\"@id\":\"https:\\\/\\\/save.com.br\\\/blog\\\/#website\",\"url\":\"https:\\\/\\\/save.com.br\\\/blog\\\/\",\"name\":\"Save Blog\",\"description\":\"\",\"publisher\":{\"@id\":\"https:\\\/\\\/save.com.br\\\/blog\\\/#organization\"},\"potentialAction\":[{\"@type\":\"SearchAction\",\"target\":{\"@type\":\"EntryPoint\",\"urlTemplate\":\"https:\\\/\\\/save.com.br\\\/blog\\\/?s={search_term_string}\"},\"query-input\":{\"@type\":\"PropertyValueSpecification\",\"valueRequired\":true,\"valueName\":\"search_term_string\"}}],\"inLanguage\":\"pt-BR\"},{\"@type\":\"Organization\",\"@id\":\"https:\\\/\\\/save.com.br\\\/blog\\\/#organization\",\"name\":\"Save Energy\",\"url\":\"https:\\\/\\\/save.com.br\\\/blog\\\/\",\"logo\":{\"@type\":\"ImageObject\",\"inLanguage\":\"pt-BR\",\"@id\":\"https:\\\/\\\/save.com.br\\\/blog\\\/#\\\/schema\\\/logo\\\/image\\\/\",\"url\":\"\",\"contentUrl\":\"\",\"caption\":\"Save Energy\"},\"image\":{\"@id\":\"https:\\\/\\\/save.com.br\\\/blog\\\/#\\\/schema\\\/logo\\\/image\\\/\"},\"sameAs\":[\"https:\\\/\\\/www.facebook.com\\\/saveenergylife\\\/\",\"https:\\\/\\\/www.instagram.com\\\/saveenergylife\\\/\",\"https:\\\/\\\/www.linkedin.com\\\/company\\\/save-energy-life\\\/\",\"https:\\\/\\\/br.pinterest.com\\\/saveenergylife1\\\/\",\"https:\\\/\\\/www.youtube.com\\\/channel\\\/UCbgbD4pV_HXxlW_MflAk-6A\"]},{\"@type\":\"Person\",\"@id\":\"https:\\\/\\\/save.com.br\\\/blog\\\/#\\\/schema\\\/person\\\/31d4f1648281ab63f4c1dd525a6d910c\",\"name\":\"Save Energy\",\"image\":{\"@type\":\"ImageObject\",\"inLanguage\":\"pt-BR\",\"@id\":\"https:\\\/\\\/secure.gravatar.com\\\/avatar\\\/55af1f56e79c3a594f95ea089146a3c22e83f5dc1686f639c77de918c8fde109?s=96&d=mm&r=g\",\"url\":\"https:\\\/\\\/secure.gravatar.com\\\/avatar\\\/55af1f56e79c3a594f95ea089146a3c22e83f5dc1686f639c77de918c8fde109?s=96&d=mm&r=g\",\"contentUrl\":\"https:\\\/\\\/secure.gravatar.com\\\/avatar\\\/55af1f56e79c3a594f95ea089146a3c22e83f5dc1686f639c77de918c8fde109?s=96&d=mm&r=g\",\"caption\":\"Save Energy\"},\"url\":\"https:\\\/\\\/save.com.br\\\/blog\\\/author\\\/save-energy\\\/\"}]}<\/script>\n<!-- \/ Yoast SEO plugin. -->","yoast_head_json":{"title":"Alerta de Tend\u00eancia: O futuro \u00e9 redondo - Save Blog","description":"Descubra como a ted\u00eancia que usa curvas em m\u00f3veis e marcenaria, aliadas \u00e0 ilumina\u00e7\u00e3o, criam espa\u00e7os mais fluidos e aconchegantes.","robots":{"index":"index","follow":"follow","max-snippet":"max-snippet:-1","max-image-preview":"max-image-preview:large","max-video-preview":"max-video-preview:-1"},"canonical":"https:\/\/save.com.br\/blog\/alerta-de-tendencia-o-futuro-e-redondo\/","og_locale":"pt_BR","og_type":"article","og_title":"Alerta de Tend\u00eancia: O futuro \u00e9 redondo - Save Blog","og_description":"Descubra como a ted\u00eancia que usa curvas em m\u00f3veis e marcenaria, aliadas \u00e0 ilumina\u00e7\u00e3o, criam espa\u00e7os mais fluidos e aconchegantes.","og_url":"https:\/\/save.com.br\/blog\/alerta-de-tendencia-o-futuro-e-redondo\/","og_site_name":"Save Blog","article_publisher":"https:\/\/www.facebook.com\/saveenergylife\/","article_published_time":"2022-06-01T17:06:42+00:00","article_modified_time":"2025-03-07T13:08:06+00:00","og_image":[{"width":1024,"height":532,"url":"https:\/\/save.com.br\/blog\/wp-content\/uploads\/2022\/06\/CAPA-BLOG-1024x532.png","type":"image\/png"}],"author":"Save Energy","twitter_card":"summary_large_image","twitter_misc":{"Escrito por":"Save Energy","Est. tempo de leitura":"3 minutos"},"schema":{"@context":"https:\/\/schema.org","@graph":[{"@type":"Article","@id":"https:\/\/save.com.br\/blog\/alerta-de-tendencia-o-futuro-e-redondo\/#article","isPartOf":{"@id":"https:\/\/save.com.br\/blog\/alerta-de-tendencia-o-futuro-e-redondo\/"},"author":{"name":"Save Energy","@id":"https:\/\/save.com.br\/blog\/#\/schema\/person\/31d4f1648281ab63f4c1dd525a6d910c"},"headline":"Alerta de Tend\u00eancia: O futuro \u00e9 redondo","datePublished":"2022-06-01T17:06:42+00:00","dateModified":"2025-03-07T13:08:06+00:00","mainEntityOfPage":{"@id":"https:\/\/save.com.br\/blog\/alerta-de-tendencia-o-futuro-e-redondo\/"},"wordCount":522,"commentCount":0,"publisher":{"@id":"https:\/\/save.com.br\/blog\/#organization"},"image":{"@id":"https:\/\/save.com.br\/blog\/alerta-de-tendencia-o-futuro-e-redondo\/#primaryimage"},"thumbnailUrl":"https:\/\/save.com.br\/blog\/wp-content\/uploads\/2022\/06\/CAPA-BLOG.png","articleSection":["Tend\u00eancias"],"inLanguage":"pt-BR","potentialAction":[{"@type":"CommentAction","name":"Comment","target":["https:\/\/save.com.br\/blog\/alerta-de-tendencia-o-futuro-e-redondo\/#respond"]}]},{"@type":"WebPage","@id":"https:\/\/save.com.br\/blog\/alerta-de-tendencia-o-futuro-e-redondo\/","url":"https:\/\/save.com.br\/blog\/alerta-de-tendencia-o-futuro-e-redondo\/","name":"Alerta de Tend\u00eancia: O futuro \u00e9 redondo - Save Blog","isPartOf":{"@id":"https:\/\/save.com.br\/blog\/#website"},"primaryImageOfPage":{"@id":"https:\/\/save.com.br\/blog\/alerta-de-tendencia-o-futuro-e-redondo\/#primaryimage"},"image":{"@id":"https:\/\/save.com.br\/blog\/alerta-de-tendencia-o-futuro-e-redondo\/#primaryimage"},"thumbnailUrl":"https:\/\/save.com.br\/blog\/wp-content\/uploads\/2022\/06\/CAPA-BLOG.png","datePublished":"2022-06-01T17:06:42+00:00","dateModified":"2025-03-07T13:08:06+00:00","description":"Descubra como a ted\u00eancia que usa curvas em m\u00f3veis e marcenaria, aliadas \u00e0 ilumina\u00e7\u00e3o, criam espa\u00e7os mais fluidos e aconchegantes.","breadcrumb":{"@id":"https:\/\/save.com.br\/blog\/alerta-de-tendencia-o-futuro-e-redondo\/#breadcrumb"},"inLanguage":"pt-BR","potentialAction":[{"@type":"ReadAction","target":["https:\/\/save.com.br\/blog\/alerta-de-tendencia-o-futuro-e-redondo\/"]}]},{"@type":"ImageObject","inLanguage":"pt-BR","@id":"https:\/\/save.com.br\/blog\/alerta-de-tendencia-o-futuro-e-redondo\/#primaryimage","url":"https:\/\/save.com.br\/blog\/wp-content\/uploads\/2022\/06\/CAPA-BLOG.png","contentUrl":"https:\/\/save.com.br\/blog\/wp-content\/uploads\/2022\/06\/CAPA-BLOG.png","width":1920,"height":998},{"@type":"BreadcrumbList","@id":"https:\/\/save.com.br\/blog\/alerta-de-tendencia-o-futuro-e-redondo\/#breadcrumb","itemListElement":[{"@type":"ListItem","position":1,"name":"In\u00edcio","item":"https:\/\/save.com.br\/blog\/"},{"@type":"ListItem","position":2,"name":"Alerta de Tend\u00eancia: O futuro \u00e9 redondo"}]},{"@type":"WebSite","@id":"https:\/\/save.com.br\/blog\/#website","url":"https:\/\/save.com.br\/blog\/","name":"Save Blog","description":"","publisher":{"@id":"https:\/\/save.com.br\/blog\/#organization"},"potentialAction":[{"@type":"SearchAction","target":{"@type":"EntryPoint","urlTemplate":"https:\/\/save.com.br\/blog\/?s={search_term_string}"},"query-input":{"@type":"PropertyValueSpecification","valueRequired":true,"valueName":"search_term_string"}}],"inLanguage":"pt-BR"},{"@type":"Organization","@id":"https:\/\/save.com.br\/blog\/#organization","name":"Save Energy","url":"https:\/\/save.com.br\/blog\/","logo":{"@type":"ImageObject","inLanguage":"pt-BR","@id":"https:\/\/save.com.br\/blog\/#\/schema\/logo\/image\/","url":"","contentUrl":"","caption":"Save Energy"},"image":{"@id":"https:\/\/save.com.br\/blog\/#\/schema\/logo\/image\/"},"sameAs":["https:\/\/www.facebook.com\/saveenergylife\/","https:\/\/www.instagram.com\/saveenergylife\/","https:\/\/www.linkedin.com\/company\/save-energy-life\/","https:\/\/br.pinterest.com\/saveenergylife1\/","https:\/\/www.youtube.com\/channel\/UCbgbD4pV_HXxlW_MflAk-6A"]},{"@type":"Person","@id":"https:\/\/save.com.br\/blog\/#\/schema\/person\/31d4f1648281ab63f4c1dd525a6d910c","name":"Save Energy","image":{"@type":"ImageObject","inLanguage":"pt-BR","@id":"https:\/\/secure.gravatar.com\/avatar\/55af1f56e79c3a594f95ea089146a3c22e83f5dc1686f639c77de918c8fde109?s=96&d=mm&r=g","url":"https:\/\/secure.gravatar.com\/avatar\/55af1f56e79c3a594f95ea089146a3c22e83f5dc1686f639c77de918c8fde109?s=96&d=mm&r=g","contentUrl":"https:\/\/secure.gravatar.com\/avatar\/55af1f56e79c3a594f95ea089146a3c22e83f5dc1686f639c77de918c8fde109?s=96&d=mm&r=g","caption":"Save Energy"},"url":"https:\/\/save.com.br\/blog\/author\/save-energy\/"}]}},"_links":{"self":[{"href":"https:\/\/save.com.br\/blog\/wp-json\/wp\/v2\/posts\/751","targetHints":{"allow":["GET"]}}],"collection":[{"href":"https:\/\/save.com.br\/blog\/wp-json\/wp\/v2\/posts"}],"about":[{"href":"https:\/\/save.com.br\/blog\/wp-json\/wp\/v2\/types\/post"}],"author":[{"embeddable":true,"href":"https:\/\/save.com.br\/blog\/wp-json\/wp\/v2\/users\/2"}],"replies":[{"embeddable":true,"href":"https:\/\/save.com.br\/blog\/wp-json\/wp\/v2\/comments?post=751"}],"version-history":[{"count":4,"href":"https:\/\/save.com.br\/blog\/wp-json\/wp\/v2\/posts\/751\/revisions"}],"predecessor-version":[{"id":1372,"href":"https:\/\/save.com.br\/blog\/wp-json\/wp\/v2\/posts\/751\/revisions\/1372"}],"wp:featuredmedia":[{"embeddable":true,"href":"https:\/\/save.com.br\/blog\/wp-json\/wp\/v2\/media\/762"}],"wp:attachment":[{"href":"https:\/\/save.com.br\/blog\/wp-json\/wp\/v2\/media?parent=751"}],"wp:term":[{"taxonomy":"category","embeddable":true,"href":"https:\/\/save.com.br\/blog\/wp-json\/wp\/v2\/categories?post=751"},{"taxonomy":"post_tag","embeddable":true,"href":"https:\/\/save.com.br\/blog\/wp-json\/wp\/v2\/tags?post=751"}],"curies":[{"name":"wp","href":"https:\/\/api.w.org\/{rel}","templated":true}]}}